{"id":131,"date":"2025-04-10T13:54:35","date_gmt":"2025-04-10T13:54:35","guid":{"rendered":"https:\/\/eugenevarlin.fr\/?p=131"},"modified":"2025-04-10T13:54:35","modified_gmt":"2025-04-10T13:54:35","slug":"la-commune-de-paris-1871","status":"publish","type":"post","link":"https:\/\/eugenevarlin.fr\/?p=131","title":{"rendered":"La commune de Paris (1871)"},"content":{"rendered":"\n<h3 class=\"wp-block-heading\"><strong>L\u2019histoire de la Commune de Paris (1871)<\/strong><\/h3>\n\n\n\n<p><strong>Un printemps de libert\u00e9 et de feu<\/strong><\/p>\n\n\n\n<p>L\u2019histoire de la Commune de Paris commence dans un contexte de guerre, de crise politique et de col\u00e8re populaire. En <strong>1870<\/strong>, la France de Napol\u00e9on III entre en guerre contre la Prusse. La d\u00e9faite est rapide et humiliante. L\u2019Empereur est captur\u00e9, l\u2019Empire s\u2019effondre, et une R\u00e9publique est proclam\u00e9e \u00e0 Paris. Mais cette R\u00e9publique naissante, dirig\u00e9e par des mod\u00e9r\u00e9s (le \u00ab gouvernement de d\u00e9fense nationale \u00bb), cherche rapidement \u00e0 n\u00e9gocier la paix avec l\u2019ennemi\u2026 en abandonnant Paris, pourtant pr\u00eat \u00e0 r\u00e9sister.<\/p>\n\n\n\n<h4 class=\"wp-block-heading\"><strong>Une ville en insurrection<\/strong><\/h4>\n\n\n\n<p>La capitale, patriote et populaire, ne supporte pas cette trahison. <strong>Paris est affam\u00e9e, bombard\u00e9e, mais debout<\/strong>. Elle s\u2019est organis\u00e9e en garde nationale, une milice citoyenne largement compos\u00e9e d\u2019ouvriers et d\u2019artisans. Ces hommes arm\u00e9s, qui d\u00e9fendent leur ville, veulent aussi d\u00e9fendre un autre id\u00e9al de R\u00e9publique : <strong>une R\u00e9publique sociale, d\u00e9mocratique, et dirig\u00e9e par le peuple lui-m\u00eame<\/strong>.<\/p>\n\n\n\n<p>Le 18 mars 1871, la goutte d\u2019eau fait d\u00e9border le vase : le gouvernement tente de reprendre les canons de la Garde nationale sur la butte Montmartre. Mais la population, surtout les femmes, s&rsquo;interpose. L\u2019arm\u00e9e fraternise avec les Parisiens. Le gouvernement fuit \u00e0 Versailles. <strong>La Commune de Paris est n\u00e9e.<\/strong><\/p>\n\n\n\n<h4 class=\"wp-block-heading\"><strong>Une exp\u00e9rience politique in\u00e9dite<\/strong><\/h4>\n\n\n\n<p>Du <strong>26 mars au 28 mai 1871<\/strong>, Paris est dirig\u00e9e par ses propres \u00e9lus, au suffrage universel, tous r\u00e9vocables et pay\u00e9s comme des ouvriers. C\u2019est une exp\u00e9rience r\u00e9volutionnaire, \u00e0 la fois <strong>radicale et profond\u00e9ment d\u00e9mocratique<\/strong>. Parmi les grandes mesures de la Commune :<\/p>\n\n\n\n<ul class=\"wp-block-list\">\n<li>Suppression de l\u2019arm\u00e9e permanente, remplac\u00e9e par la Garde nationale.<\/li>\n\n\n\n<li>S\u00e9paration de l\u2019\u00c9glise et de l\u2019\u00c9tat.<\/li>\n\n\n\n<li>\u00c9ducation gratuite, la\u00efque et obligatoire.<\/li>\n\n\n\n<li>R\u00e9quisition des logements vacants.<\/li>\n\n\n\n<li>Autogestion des ateliers abandonn\u00e9s.<\/li>\n\n\n\n<li>Soutien actif aux femmes, notamment par des figures comme <strong>Louise Michel<\/strong>, <strong>Andr\u00e9 L\u00e9o<\/strong> ou <strong>\u00c9lisabeth Dmitrieff<\/strong>.<\/li>\n<\/ul>\n\n\n\n<p>Les d\u00e9cisions sont prises collectivement, les d\u00e9bats sont passionn\u00e9s, et l\u2019enthousiasme populaire est r\u00e9el. Mais la Commune reste isol\u00e9e : <strong>ni la province, ni les grandes villes ne suivent massivement<\/strong>. Le gouvernement, retranch\u00e9 \u00e0 Versailles, pr\u00e9pare la contre-attaque.<\/p>\n\n\n\n<h4 class=\"wp-block-heading\"><strong>La Semaine sanglante : le massacre de la Commune<\/strong><\/h4>\n\n\n\n<p>En mai, l\u2019arm\u00e9e versaillaise, renforc\u00e9e par les anciens prisonniers de guerre lib\u00e9r\u00e9s par la Prusse, lance l\u2019assaut. <strong>Du 21 au 28 mai<\/strong>, Paris est reconquise quartier par quartier. C\u2019est <strong>la Semaine sanglante<\/strong>, une r\u00e9pression d\u2019une brutalit\u00e9 extr\u00eame : ex\u00e9cutions sommaires, arrestations de masse, ex\u00e9cutions d\u2019otages (dont les c\u00e9l\u00e8bres otages de la rue Haxo). On estime qu\u2019entre <strong>15 000 et 30 000 communards<\/strong> sont tu\u00e9s, et des milliers d\u2019autres d\u00e9port\u00e9s.<\/p>\n\n\n\n<h4 class=\"wp-block-heading\"><strong>Une m\u00e9moire vivante<\/strong><\/h4>\n\n\n\n<p>La Commune n\u2019a dur\u00e9 que <strong>72 jours<\/strong>, mais elle a laiss\u00e9 une empreinte durable. Elle est devenue <strong>un symbole pour les mouvements ouvriers, socialistes, anarchistes et f\u00e9ministes du monde entier<\/strong>. Karl Marx y voyait le \u00ab prototype de la dictature du prol\u00e9tariat \u00bb, tandis que Bakounine saluait \u00ab la r\u00e9volution faite par le peuple pour le peuple \u00bb. En France, elle fut longtemps un sujet tabou, avant d\u2019\u00eatre red\u00e9couverte et r\u00e9habilit\u00e9e par les historiens, les artistes, les \u00e9crivains.<\/p>\n\n\n\n<p class=\"has-text-align-left\">Aujourd\u2019hui encore, <strong>la Commune de Paris est une source d\u2019inspiration<\/strong>, un moment suspendu o\u00f9 une ville s\u2019est lev\u00e9e pour inventer un autre monde, dans la libert\u00e9, l\u2019\u00e9galit\u00e9, la fraternit\u00e9&#8230; et dans le feu.<\/p>\n","protected":false},"excerpt":{"rendered":"<p>L\u2019histoire de la Commune de Paris (1871) Un printemps de libert\u00e9 et de feu L\u2019histoire de la Commune de Paris commence dans un contexte de guerre, de crise politique et de col\u00e8re populaire. En 1870, la France de Napol\u00e9on III entre en guerre contre la Prusse. La d\u00e9faite est rapide et humiliante. L\u2019Empereur est captur\u00e9, [&hellip;]<\/p>\n","protected":false},"author":2,"featured_media":132,"comment_status":"open","ping_status":"open","sticky":false,"template":"","format":"standard","meta":{"saved_in_kubio":false,"footnotes":""},"categories":[1],"tags":[],"class_list":["post-131","post","type-post","status-publish","format-standard","has-post-thumbnail","hentry","category-uncategorized"],"_links":{"self":[{"href":"https:\/\/eugenevarlin.fr\/index.php?rest_route=\/wp\/v2\/posts\/131","targetHints":{"allow":["GET"]}}],"collection":[{"href":"https:\/\/eugenevarlin.fr\/index.php?rest_route=\/wp\/v2\/posts"}],"about":[{"href":"https:\/\/eugenevarlin.fr\/index.php?rest_route=\/wp\/v2\/types\/post"}],"author":[{"embeddable":true,"href":"https:\/\/eugenevarlin.fr\/index.php?rest_route=\/wp\/v2\/users\/2"}],"replies":[{"embeddable":true,"href":"https:\/\/eugenevarlin.fr\/index.php?rest_route=%2Fwp%2Fv2%2Fcomments&post=131"}],"version-history":[{"count":1,"href":"https:\/\/eugenevarlin.fr\/index.php?rest_route=\/wp\/v2\/posts\/131\/revisions"}],"predecessor-version":[{"id":133,"href":"https:\/\/eugenevarlin.fr\/index.php?rest_route=\/wp\/v2\/posts\/131\/revisions\/133"}],"wp:featuredmedia":[{"embeddable":true,"href":"https:\/\/eugenevarlin.fr\/index.php?rest_route=\/wp\/v2\/media\/132"}],"wp:attachment":[{"href":"https:\/\/eugenevarlin.fr\/index.php?rest_route=%2Fwp%2Fv2%2Fmedia&parent=131"}],"wp:term":[{"taxonomy":"category","embeddable":true,"href":"https:\/\/eugenevarlin.fr\/index.php?rest_route=%2Fwp%2Fv2%2Fcategories&post=131"},{"taxonomy":"post_tag","embeddable":true,"href":"https:\/\/eugenevarlin.fr\/index.php?rest_route=%2Fwp%2Fv2%2Ftags&post=131"}],"curies":[{"name":"wp","href":"https:\/\/api.w.org\/{rel}","templated":true}]}}